{"id":83361,"date":"2024-03-30T12:03:45","date_gmt":"2024-03-30T11:03:45","guid":{"rendered":"https:\/\/www.madonnadeighiacciai.it\/?p=83361"},"modified":"2024-03-30T12:03:45","modified_gmt":"2024-03-30T11:03:45","slug":"auguri-per-la-santa-pasqua-2024","status":"publish","type":"post","link":"https:\/\/www.madonnadeighiacciai.it\/?p=83361","title":{"rendered":"Auguri per la Santa Pasqua 2024"},"content":{"rendered":"\n<p>Carissimi amici della Cappellina della Madonna dei ghiacciai,  vi racconto una storia.<\/p>\n\n\n\n<p>Un sant&#8217;uomo passeggiava per la citt\u00e0 quando si imbatt\u00e9 in una bambina dagli abiti laceri che chiedeva l&#8217;elemosina. Rivolse il pensiero al Signore: &#8220;Dio, come puoi permettere una cosa del genere? Ti prego, fa&#8217; qualcosa&#8221;. <\/p>\n\n\n\n<p>Alla sera al telegiornale ascolt\u00f2 notizie drammatiche: &#8230;guerra tra Russia ed Ucraina, &#8230;guerra Palestina ed Israele, &#8230;guerre dimenticate, &#8230;stragi di innocenti, &#8230;aborti, &#8230;violenza su donne e bambini, &#8230;stragi di mamme e pap\u00e0, &#8230;famiglie divise, &#8230;separazioni e divorzi troppo facili, &#8230;femminicidi, &#8230;stragi sulle strade e nelle case, &#8230;furti, &#8230;truffe, &#8230; inquinamento e sfruttamento insensato della natura, &#8230;campi profughi e di concentramento. <\/p>\n\n\n\n<p>Di nuovo preg\u00f2: &#8220;Signore, quanta miseria. Fai qualcosa!\u201d<\/p>\n\n\n\n<p>Anche noi tante volte abbiamo avuto lo stesso pensiero di quest\u2019uomo e sembra che Dio se ne stia impassibile di fronte a tutto questo male. Inoltre in occasione delle celebrazioni pasquali, siamo chiamati a cantare:  Alleluia! &#8230; grido infinito di gioia e di vita! &#8230; ha senso cantarlo? Nello scenario di morte a Gerusalemme, molto simile a quello di oggi, sul Golgota quella croce, orribile strumento di morte, illuminata dalla Risurrezione di Ges\u00f9 \u00e8 rivelazione della fedelt\u00e0 irremovibile di Dio alle sue promesse, \u00e8 rivelazione del vero volto di Dio come Padre misericordioso.<\/p>\n\n\n\n<p>Come Cristiani occorre osare! \u2026durante le preghiere della sera, il Signore rispose a quel sant\u2019uomo; gli disse chiaramente: &#8220;<strong>Io ho gi\u00e0 fatto qualcosa: ho fatto te!<\/strong>&#8220;. Siamo chiamati a fare della nostra vita un dono d&#8217;amore, caricandoci, come Ges\u00f9, anche delle conseguenze del male che dilaga nel mondo. Siamo chiamati a costruire e ricomporre l&#8217;amore nelle famiglie, generare una cultura di incontro che valorizza i doni di ogni persona e di ogni popolo, abbattere muri e costruire ponti, generare l&#8217;amore che scaturisce dalla ricerca della verit\u00e0, della giustizia, manifestare il coraggio del perdono e della riconciliazione: Questo \u00e8 l\u2019alleluia che scaturisce dalla Pasqua: una vita nuova, da risorti!!! Non saremo noi a prendere decisioni internazionali, a cambiare il corso del mondo, noi siamo una piccola goccia in un mare immenso, ma se rinunciamo a essere una buona goccia nel mare, il mare sar\u00e0 pi\u00f9 povero. <\/p>\n\n\n\n<p>Prima di concludere alcune notizie \u201cdi famiglia\u201d: &#8211; un grazie di cuore a tutti coloro che hanno contribuito con un\u2019offerta al costo del rifacimento della porta d\u2019ingresso della Cappellina; siete stati il segno concreto della Provvidenza e la lunga mano della Madonna dei ghiacciai. La somma ricevuta \u00e8 stata pi\u00f9 che sufficiente a coprire i costi  &#8211; ho ricevuto anche altre offerte da familiari delle persone defunte che abbiamo ricordato in questi anni nella S. Messa del primo sabato di agosto. Poich\u00e9 come Salesiani del Piemonte-Valle d\u2019Aosta -Lituania stiamo raccogliendo offerte a favore delle nostre opere salesiane colpite dalla guerra ho pensato di destinare 1.000,00 \u20ac a questa causa.  &#8211; vi anticipo che la S. Messa del 3 agosto 2024 sar\u00e0 presieduta da Don Leonardo Mancini superiore dei Salesiani del Piemonte-Valle d\u2019Aosta -Lituania e animata musicalmente dal Coro di Verres diretto dal maestro Albert Lani\u00e9ce.  Con la speranza di ritrovarci ad agosto per la celebrazione di suffragio in ricordo dei caduti della montagna vi auguro una buona e santa Pasqua!  <\/p>\n\n\n\n<p>Il Signore vi benedica e vi protegga.<\/p>\n\n\n\n<p>Con affetto ed amicizia        <\/p>\n\n\n\n<figure class=\"wp-block-image size-full\"><img decoding=\"async\" width=\"368\" height=\"84\" src=\"https:\/\/www.madonnadeighiacciai.it\/wp-content\/uploads\/2024\/03\/firma.png\" alt=\"\" class=\"wp-image-83363\"\/><\/figure>\n\n\n\n<figure class=\"wp-block-image size-large\"><img decoding=\"async\" width=\"1030\" height=\"486\" src=\"https:\/\/www.madonnadeighiacciai.it\/wp-content\/uploads\/2024\/03\/PASQUA-2024-DV-1030x486.png\" alt=\"\" class=\"wp-image-83366\" srcset=\"https:\/\/www.madonnadeighiacciai.it\/wp-content\/uploads\/2024\/03\/PASQUA-2024-DV-1030x486.png 1030w, https:\/\/www.madonnadeighiacciai.it\/wp-content\/uploads\/2024\/03\/PASQUA-2024-DV-800x378.png 800w, https:\/\/www.madonnadeighiacciai.it\/wp-content\/uploads\/2024\/03\/PASQUA-2024-DV.png 1239w\" sizes=\"(max-width: 1030px) 100vw, 1030px\" \/><\/figure>\n","protected":false},"excerpt":{"rendered":"<p>Carissimi amici della Cappellina della Madonna dei ghiacciai, vi racconto una storia. Un sant&#8217;uomo passeggiava per la citt\u00e0 quando si [&hellip;]<\/p>\n","protected":false},"author":2,"featured_media":83366,"comment_status":"closed","ping_status":"closed","sticky":false,"template":"","format":"standard","meta":{"footnotes":""},"categories":[2],"tags":[118,125],"class_list":["post-83361","post","type-post","status-publish","format-standard","has-post-thumbnail","hentry","category-editoriali","tag-auguri","tag-pasqua"],"_links":{"self":[{"href":"https:\/\/www.madonnadeighiacciai.it\/index.php?rest_route=\/wp\/v2\/posts\/83361","targetHints":{"allow":["GET"]}}],"collection":[{"href":"https:\/\/www.madonnadeighiacciai.it\/index.php?rest_route=\/wp\/v2\/posts"}],"about":[{"href":"https:\/\/www.madonnadeighiacciai.it\/index.php?rest_route=\/wp\/v2\/types\/post"}],"author":[{"embeddable":true,"href":"https:\/\/www.madonnadeighiacciai.it\/index.php?rest_route=\/wp\/v2\/users\/2"}],"replies":[{"embeddable":true,"href":"https:\/\/www.madonnadeighiacciai.it\/index.php?rest_route=%2Fwp%2Fv2%2Fcomments&post=83361"}],"version-history":[{"count":3,"href":"https:\/\/www.madonnadeighiacciai.it\/index.php?rest_route=\/wp\/v2\/posts\/83361\/revisions"}],"predecessor-version":[{"id":83368,"href":"https:\/\/www.madonnadeighiacciai.it\/index.php?rest_route=\/wp\/v2\/posts\/83361\/revisions\/83368"}],"wp:featuredmedia":[{"embeddable":true,"href":"https:\/\/www.madonnadeighiacciai.it\/index.php?rest_route=\/wp\/v2\/media\/83366"}],"wp:attachment":[{"href":"https:\/\/www.madonnadeighiacciai.it\/index.php?rest_route=%2Fwp%2Fv2%2Fmedia&parent=83361"}],"wp:term":[{"taxonomy":"category","embeddable":true,"href":"https:\/\/www.madonnadeighiacciai.it\/index.php?rest_route=%2Fwp%2Fv2%2Fcategories&post=83361"},{"taxonomy":"post_tag","embeddable":true,"href":"https:\/\/www.madonnadeighiacciai.it\/index.php?rest_route=%2Fwp%2Fv2%2Ftags&post=83361"}],"curies":[{"name":"wp","href":"https:\/\/api.w.org\/{rel}","templated":true}]}}