{"id":83087,"date":"2021-04-02T07:53:06","date_gmt":"2021-04-02T05:53:06","guid":{"rendered":"https:\/\/www.madonnadeighiacciai.it\/?p=83087"},"modified":"2021-04-05T07:55:22","modified_gmt":"2021-04-05T05:55:22","slug":"auguri-per-la-santa-pasqua","status":"publish","type":"post","link":"https:\/\/www.madonnadeighiacciai.it\/?p=83087","title":{"rendered":"Auguri per la Santa Pasqua"},"content":{"rendered":"<p>[vc_row][vc_column width=&#8221;1\/1&#8243;][vc_custom_heading]Auguri per la Santa Pasuqa[\/vc_custom_heading][\/vc_column][\/vc_row][vc_row][vc_column width=&#8221;1\/1&#8243;][vc_column_text]<\/p>\r\n<p>Carissimi amici della Cappellina della Madonna dei ghiacciai, vi raggiungo con queste poche righe per una augurio pasquale. La S. Pasqua ormai alle porte ci ricorda che la morte (in questo periodo ne abbiamo viste e vissute tante) non \u00e8 l&#8217;ultima parola sulla nostra vita. La Risurrezione di Ges\u00f9 ci offre la certezza di una vita oltre la morte che illumina gi\u00e0 oggi la nostra vita e la riempie di speranza se la affidiamo a Dio. Pensando a questo periodo di pandemia e cercando di viverlo con uno sguardo di fede ed un atteggiamento di speranza ed ottimismo mi \u00e8 tornato alla mente un episodio raccontato da Mons. Tonino Bello, vescovo di Molfetta:<\/p>\r\n\r\n\r\n\r\n<p>\u201c<em>Nel Duomo vecchio di Molfetta c&#8217;\u00e8 un grande crocifisso di terracotta. Il parroco, in attesa di sistemarlo definitivamente, l&#8217;ha addossato alla parete della sagrestia e vi ha apposto un cartoncino con la scritta: collocazione provvisoria.<\/em> <em>La scritta, che in un primo momento avevo scambiato come intitolazione dell&#8217;opera, mi \u00e8 parsa provvidenzialmente ispirata, al punto che ho pregato il parroco di non rimuovere per nessuna ragione il crocifisso di l\u00ec, da quella parete nuda, da quella posizione precaria, con quel cartoncino ingiallito.<\/em> <strong><em>Collocazione provvisoria<\/em><\/strong><em>. Penso che non ci sia formula migliore per definire la croce. La mia, la tua croce, non so quella di Cristo\u2026.<\/em><\/p>\r\n\r\n\r\n\r\n<p><em>\u2026Anche il Vangelo ci invita a considerare la provvisoriet\u00e0 della croce.<\/em> <em>C&#8217;\u00e8 una frase immensa, che riassume la tragedia del creato al momento della morte di Cristo. \u201cDa mezzogiorno fino alle tre del pomeriggio, si fece buio su tutta la terra\u201d. Forse \u00e8 la frase pi\u00f9 scura di tutta la Bibbia. Per me \u00e8 una delle pi\u00f9 luminose. Proprio per quelle riduzioni di orario che stringono, come due paletti invalicabili, il tempo in cui \u00e8 concesso al buio di infierire sulla terra\u2026<\/em> <em>\u2026Coraggio, fratello che soffri. Mancano pochi istanti alle tre del tuo pomeriggio. Tra poco, il buio ceder\u00e0 il posto alla luce, la terra riacquister\u00e0 i suoi colori verginali e il sole della Pasqua irromper\u00e0 tra le nuvole in fuga.\u201d<\/em><\/p>\r\n\r\n\r\n\r\n<p>Non soffermiamo il nostro sguardo solamente sul tempo presente. Facciamo \u201cmemoria\u201d di tutto il bene che abbiamo ricevuto, di tutte le cose belle vissute e consideriamo questo periodo una \u201ccollocazione provvisoria\u201d della nostra vita facendo tesoro degli insegnamenti che ci possono derivare da questa \u201ccrisi mondiale\u201d e cerchiamo di \u201cuscirne migliori\u201d! Facciamoci solidali gli uni con gli altri, sentiamoci uniti perch\u00e9 \u201cinsieme la gioia si moltiplica ed il dolore si divide\u201d. A tutti ed a ciascuno giunga un caro augurio di una SANTA PASQUA di resurrezione con la speranza che quest&#8217;anno si possa celebrare la S. Messa in suffragio dei vostri cari caduti in montagna sabato 7 agosto.<\/p>\r\n\r\n\r\n\r\n<p>Il Signore vi benedica e vi custodisca in salute.<\/p>\r\n\r\n\r\n\r\n<p>Con stima e riconoscenza.<\/p>\r\n\r\n\r\n\r\n<p>Con stima e riconoscenza,<br \/>don Vincenzo Caccia<\/p>\r\n<p>[\/vc_column_text][\/vc_column][\/vc_row][vc_row][vc_column width=&#8221;1\/1&#8243;][vc_single_image media=&#8221;83090&#8243; media_width_percent=&#8221;100&#8243;][\/vc_column][\/vc_row]<\/p>","protected":false},"excerpt":{"rendered":"<p>[vc_row][vc_column width=&#8221;1\/1&#8243;][vc_custom_heading]Auguri per la Santa Pasuqa[\/vc_custom_heading][\/vc_column][\/vc_row][vc_row][vc_column width=&#8221;1\/1&#8243;][vc_column_text] Carissimi amici della Cappellina della Madonna dei ghiacciai, vi raggiungo con queste poche [&hellip;]<\/p>\n","protected":false},"author":2,"featured_media":83098,"comment_status":"closed","ping_status":"closed","sticky":false,"template":"","format":"standard","meta":{"footnotes":""},"categories":[2],"tags":[118,125],"class_list":["post-83087","post","type-post","status-publish","format-standard","has-post-thumbnail","hentry","category-editoriali","tag-auguri","tag-pasqua"],"_links":{"self":[{"href":"https:\/\/www.madonnadeighiacciai.it\/index.php?rest_route=\/wp\/v2\/posts\/83087","targetHints":{"allow":["GET"]}}],"collection":[{"href":"https:\/\/www.madonnadeighiacciai.it\/index.php?rest_route=\/wp\/v2\/posts"}],"about":[{"href":"https:\/\/www.madonnadeighiacciai.it\/index.php?rest_route=\/wp\/v2\/types\/post"}],"author":[{"embeddable":true,"href":"https:\/\/www.madonnadeighiacciai.it\/index.php?rest_route=\/wp\/v2\/users\/2"}],"replies":[{"embeddable":true,"href":"https:\/\/www.madonnadeighiacciai.it\/index.php?rest_route=%2Fwp%2Fv2%2Fcomments&post=83087"}],"version-history":[{"count":2,"href":"https:\/\/www.madonnadeighiacciai.it\/index.php?rest_route=\/wp\/v2\/posts\/83087\/revisions"}],"predecessor-version":[{"id":83097,"href":"https:\/\/www.madonnadeighiacciai.it\/index.php?rest_route=\/wp\/v2\/posts\/83087\/revisions\/83097"}],"wp:featuredmedia":[{"embeddable":true,"href":"https:\/\/www.madonnadeighiacciai.it\/index.php?rest_route=\/wp\/v2\/media\/83098"}],"wp:attachment":[{"href":"https:\/\/www.madonnadeighiacciai.it\/index.php?rest_route=%2Fwp%2Fv2%2Fmedia&parent=83087"}],"wp:term":[{"taxonomy":"category","embeddable":true,"href":"https:\/\/www.madonnadeighiacciai.it\/index.php?rest_route=%2Fwp%2Fv2%2Fcategories&post=83087"},{"taxonomy":"post_tag","embeddable":true,"href":"https:\/\/www.madonnadeighiacciai.it\/index.php?rest_route=%2Fwp%2Fv2%2Ftags&post=83087"}],"curies":[{"name":"wp","href":"https:\/\/api.w.org\/{rel}","templated":true}]}}